{"id":11920,"count":1,"description":"","link":"https:\/\/minasecinema.repesq.ufjf.br\/en\/cidadesmg\/sao-joao-batista-do-gloria\/","name":"S\u00e3o Jo\u00e3o Batista do Gl\u00f3ria","slug":"sao-joao-batista-do-gloria","taxonomy":"tnc_tax_4866","parent":0,"meta":[],"_links":{"self":[{"href":"https:\/\/minasecinema.repesq.ufjf.br\/en\/wp-json\/wp\/v2\/tnc_tax_4866\/11920","targetHints":{"allow":["GET"]}}],"collection":[{"href":"https:\/\/minasecinema.repesq.ufjf.br\/en\/wp-json\/wp\/v2\/tnc_tax_4866"}],"about":[{"href":"https:\/\/minasecinema.repesq.ufjf.br\/en\/wp-json\/wp\/v2\/taxonomies\/tnc_tax_4866"}],"wp:post_type":[{"href":"https:\/\/minasecinema.repesq.ufjf.br\/en\/wp-json\/wp\/v2\/posts?tnc_tax_4866=11920"},{"href":"https:\/\/minasecinema.repesq.ufjf.br\/en\/wp-json\/wp\/v2\/pages?tnc_tax_4866=11920"},{"href":"https:\/\/minasecinema.repesq.ufjf.br\/en\/wp-json\/wp\/v2\/tnc_col_2961_item?tnc_tax_4866=11920"},{"href":"https:\/\/minasecinema.repesq.ufjf.br\/en\/wp-json\/wp\/v2\/tnc_col_4814_item?tnc_tax_4866=11920"},{"href":"https:\/\/minasecinema.repesq.ufjf.br\/en\/wp-json\/wp\/v2\/tnc_col_2499_item?tnc_tax_4866=11920"},{"href":"https:\/\/minasecinema.repesq.ufjf.br\/en\/wp-json\/wp\/v2\/tnc_col_6646_item?tnc_tax_4866=11920"},{"href":"https:\/\/minasecinema.repesq.ufjf.br\/en\/wp-json\/wp\/v2\/tnc_col_6696_item?tnc_tax_4866=11920"},{"href":"https:\/\/minasecinema.repesq.ufjf.br\/en\/wp-json\/wp\/v2\/tnc_col_2227_item?tnc_tax_4866=11920"},{"href":"https:\/\/minasecinema.repesq.ufjf.br\/en\/wp-json\/wp\/v2\/tnc_col_21655_item?tnc_tax_4866=11920"},{"href":"https:\/\/minasecinema.repesq.ufjf.br\/en\/wp-json\/wp\/v2\/tnc_col_34076_item?tnc_tax_4866=11920"},{"href":"https:\/\/minasecinema.repesq.ufjf.br\/en\/wp-json\/wp\/v2\/tnc_col_54802_item?tnc_tax_4866=11920"},{"href":"https:\/\/minasecinema.repesq.ufjf.br\/en\/wp-json\/wp\/v2\/tnc_col_63805_item?tnc_tax_4866=11920"},{"href":"https:\/\/minasecinema.repesq.ufjf.br\/en\/wp-json\/wp\/v2\/tnc_col_69907_item?tnc_tax_4866=11920"},{"href":"https:\/\/minasecinema.repesq.ufjf.br\/en\/wp-json\/wp\/v2\/tnc_col_70059_item?tnc_tax_4866=11920"}],"curies":[{"name":"wp","href":"https:\/\/api.w.org\/{rel}","templated":true}]}}