{"id":276,"count":1,"description":"F\u00e1bio Jo\u00e3o Pinheiro - Diretor da Funda\u00e7\u00e3o Francisco Bilheiro","link":"https:\/\/minasecinema.repesq.ufjf.br\/en\/fonte\/pinheiro-fabio-joao\/","name":"PINHEIRO, F\u00e1bio Jo\u00e3o.","slug":"pinheiro-fabio-joao","taxonomy":"tnc_tax_8396","parent":0,"meta":[],"_links":{"self":[{"href":"https:\/\/minasecinema.repesq.ufjf.br\/en\/wp-json\/wp\/v2\/tnc_tax_8396\/276","targetHints":{"allow":["GET"]}}],"collection":[{"href":"https:\/\/minasecinema.repesq.ufjf.br\/en\/wp-json\/wp\/v2\/tnc_tax_8396"}],"about":[{"href":"https:\/\/minasecinema.repesq.ufjf.br\/en\/wp-json\/wp\/v2\/taxonomies\/tnc_tax_8396"}],"wp:post_type":[{"href":"https:\/\/minasecinema.repesq.ufjf.br\/en\/wp-json\/wp\/v2\/posts?tnc_tax_8396=276"},{"href":"https:\/\/minasecinema.repesq.ufjf.br\/en\/wp-json\/wp\/v2\/pages?tnc_tax_8396=276"},{"href":"https:\/\/minasecinema.repesq.ufjf.br\/en\/wp-json\/wp\/v2\/tnc_col_4814_item?tnc_tax_8396=276"}],"curies":[{"name":"wp","href":"https:\/\/api.w.org\/{rel}","templated":true}]}}