{"id":284,"count":1,"description":"Campos, Aline da Fonseca. O CINEMA NO INTERIOR: UM ESTUDO SOBRE A HIST\u00d3RIA DO CINE-BRASIL DE VISCONDE DO RIO BRANCO\/MG (1915-1993).( Disserta\u00e7\u00e3o) Universidade Federal de Vi\u00e7osa,  Mestrado Profissional em Patrim\u00f4nio Cultural, Paisagens e Cidadania, 2018.","link":"https:\/\/minasecinema.repesq.ufjf.br\/en\/fonte\/campos-aline-da-fonseca\/","name":"Campos, Aline da Fonseca","slug":"campos-aline-da-fonseca","taxonomy":"tnc_tax_8396","parent":0,"meta":[],"_links":{"self":[{"href":"https:\/\/minasecinema.repesq.ufjf.br\/en\/wp-json\/wp\/v2\/tnc_tax_8396\/284","targetHints":{"allow":["GET"]}}],"collection":[{"href":"https:\/\/minasecinema.repesq.ufjf.br\/en\/wp-json\/wp\/v2\/tnc_tax_8396"}],"about":[{"href":"https:\/\/minasecinema.repesq.ufjf.br\/en\/wp-json\/wp\/v2\/taxonomies\/tnc_tax_8396"}],"wp:post_type":[{"href":"https:\/\/minasecinema.repesq.ufjf.br\/en\/wp-json\/wp\/v2\/posts?tnc_tax_8396=284"},{"href":"https:\/\/minasecinema.repesq.ufjf.br\/en\/wp-json\/wp\/v2\/pages?tnc_tax_8396=284"},{"href":"https:\/\/minasecinema.repesq.ufjf.br\/en\/wp-json\/wp\/v2\/tnc_col_4814_item?tnc_tax_8396=284"}],"curies":[{"name":"wp","href":"https:\/\/api.w.org\/{rel}","templated":true}]}}